{"id":858,"date":"2021-02-28T10:30:25","date_gmt":"2021-02-28T10:30:25","guid":{"rendered":"http:\/\/xn--cdu-zhringen-kcb.de\/?p=858"},"modified":"2021-02-28T10:45:13","modified_gmt":"2021-02-28T10:45:13","slug":"cdu-initiative-zur-pflege-des-fritz-ginter-parkes-im-zaehringer-harbuckgebiet","status":"publish","type":"post","link":"http:\/\/xn--cdu-zhringen-kcb.de\/?p=858","title":{"rendered":"CDU Initiative zur Pflege des Fritz-Ginter-Parkes im Z\u00e4hringer Harbuckgebiet"},"content":{"rendered":"\t\t<div data-elementor-type=\"wp-post\" data-elementor-id=\"858\" class=\"elementor elementor-858\" data-elementor-settings=\"[]\">\n\t\t\t<div class=\"elementor-inner\">\n\t\t\t\t<div class=\"elementor-section-wrap\">\n\t\t\t\t\t\t\t<section class=\"elementor-element elementor-element-5fbe738 elementor-section-boxed elementor-section-height-default elementor-section-height-default elementor-section elementor-top-section\" data-id=\"5fbe738\" data-element_type=\"section\">\n\t\t\t\t\t\t<div class=\"elementor-container elementor-column-gap-default\">\n\t\t\t\t<div class=\"elementor-row\">\n\t\t\t\t<div class=\"elementor-element elementor-element-045bca3 elementor-column elementor-col-100 elementor-top-column\" data-id=\"045bca3\" data-element_type=\"column\">\n\t\t\t<div class=\"elementor-column-wrap  elementor-element-populated\">\n\t\t\t\t\t<div class=\"elementor-widget-wrap\">\n\t\t\t\t<div class=\"elementor-element elementor-element-922e039 elementor-widget elementor-widget-image\" data-id=\"922e039\" data-element_type=\"widget\" data-widget_type=\"image.default\">\n\t\t\t\t<div class=\"elementor-widget-container\">\n\t\t\t\t\t<div class=\"elementor-image\">\n\t\t\t\t\t\t\t\t\t\t<img loading=\"lazy\" decoding=\"async\" width=\"800\" height=\"600\" src=\"http:\/\/xn--cdu-zhringen-kcb.de\/wp-content\/uploads\/2021\/02\/20210227_102322_resized.jpg\" class=\"attachment-large size-large\" alt=\"\" srcset=\"http:\/\/xn--cdu-zhringen-kcb.de\/wp-content\/uploads\/2021\/02\/20210227_102322_resized.jpg 800w, http:\/\/xn--cdu-zhringen-kcb.de\/wp-content\/uploads\/2021\/02\/20210227_102322_resized-300x225.jpg 300w, http:\/\/xn--cdu-zhringen-kcb.de\/wp-content\/uploads\/2021\/02\/20210227_102322_resized-768x576.jpg 768w\" sizes=\"auto, (max-width: 709px) 85vw, (max-width: 909px) 67vw, (max-width: 984px) 61vw, (max-width: 1362px) 45vw, 600px\" \/>\t\t\t\t\t\t\t\t\t\t\t<\/div>\n\t\t\t\t<\/div>\n\t\t\t\t<\/div>\n\t\t\t\t\t\t<\/div>\n\t\t\t<\/div>\n\t\t<\/div>\n\t\t\t\t\t\t<\/div>\n\t\t\t<\/div>\n\t\t<\/section>\n\t\t\t\t<section class=\"elementor-element elementor-element-726771d7 elementor-section-boxed elementor-section-height-default elementor-section-height-default elementor-section elementor-top-section\" data-id=\"726771d7\" data-element_type=\"section\">\n\t\t\t\t\t\t<div class=\"elementor-container elementor-column-gap-default\">\n\t\t\t\t<div class=\"elementor-row\">\n\t\t\t\t<div class=\"elementor-element elementor-element-7db40ebe elementor-column elementor-col-100 elementor-top-column\" data-id=\"7db40ebe\" data-element_type=\"column\">\n\t\t\t<div class=\"elementor-column-wrap  elementor-element-populated\">\n\t\t\t\t\t<div class=\"elementor-widget-wrap\">\n\t\t\t\t<div class=\"elementor-element elementor-element-122e59c0 elementor-widget elementor-widget-text-editor\" data-id=\"122e59c0\" data-element_type=\"widget\" data-widget_type=\"text-editor.default\">\n\t\t\t\t<div class=\"elementor-widget-container\">\n\t\t\t\t\t<div class=\"elementor-text-editor elementor-clearfix\"><p>Der Teich im Z\u00e4hringer Fritz-Ginter Park ist den B\u00fcrgern im Z\u00e4hringer Norden bekannt und wird von den Kindern in der Umgebung Z\u00e4hringens, sowie von Kindergartengruppen (z.B. St. Blasius) gerne aufgesucht, weil dort Fr\u00f6sche laichen und das Wachstum der Fauna beobachtet werden kann. \u201eEs ist ein Kleinod und es w\u00e4re schade, wenn es zerst\u00f6rt w\u00fcrde\u201c, stellt der Vorsitzende der CDU-Z\u00e4hringen Antonio Fusco fest. Viele Familien in dem Bereich des Parks und des ganzen Stadtteils haben schon auf den desolaten Zustand des Teichs hingewiesen. Doch geschehen ist leider nichts. Uns dr\u00e4ngt aufgrund der Unt\u00e4tigkeit der Beh\u00f6rden etwas die Zeit, denn im April laichen die Fr\u00f6sche, sofern es dort \u00fcberhaupt dann noch eine M\u00f6glichkeit in Form von Wasser gibt. Die langj\u00e4hrige Unt\u00e4tigkeit des Umweltamtes bez\u00fcglich des Teichs hat auch Nerven gekostet. \u201eIch bin kein Naturexperte und wei\u00df daher nur, dass neben Fr\u00f6schen, Wasserschnecken auch seltene \u201eBlutegel\u201c im Teich heimisch sind\u201c, stellt Fusco resigniert fest. Doch im Interesse der Kinder ist unbedingter Handlungsbedarf erforderlich.<\/p><p>\u00a0<\/p><p>Dort ist ein Teich\/T\u00fcmpel, der im Bereich des Damms eine Undichtigkeit aufweist. Aufgrund der immer weiter ansteigenden Gr\u00f6\u00dfe der Undichtigkeit besteht dieses Jahr die Gefahr, dass der Teich nun austrocknet. \u201eIch habe, als sich der Umstand des geringeren Wasserstandes schon vor Jahren abzeichnete, die Umweltbeh\u00f6rde der Stadt Freiburg kontaktiert. Hilfe f\u00fcr das Anliegen haben wir von dort jedoch nicht erhalten. Auch nicht, als die Beh\u00f6rde schattenbringende B\u00e4ume am Teich f\u00e4llen lie\u00df\u201c berichtet Fusco weiter. \u00a0Erschreckend war auch, dass das Umweltamt den Teich\/T\u00fcmpel gar nicht in ihrer Kartei hatte.<\/p><p>\u00a0<\/p><p>Die CDU-Z\u00e4hringen wendet sich nun mit der Bitte um Aufnahme und Unterst\u00fctzung an die CDU-Stadtratsfraktion. Der Fritz-Ginter-Park in Z\u00e4hringen ist f\u00fcr Jung und Alt ein beliebter und gern aufgesuchter Ort und lockt auch viele Menschen zum Besuch des angrenzenden Harbuckwaldes.<\/p><\/div>\n\t\t\t\t<\/div>\n\t\t\t\t<\/div>\n\t\t\t\t\t\t<\/div>\n\t\t\t<\/div>\n\t\t<\/div>\n\t\t\t\t\t\t<\/div>\n\t\t\t<\/div>\n\t\t<\/section>\n\t\t\t\t\t\t<\/div>\n\t\t\t<\/div>\n\t\t<\/div>\n\t\t","protected":false},"excerpt":{"rendered":"<p>Der Teich im Z\u00e4hringer Fritz-Ginter Park ist den B\u00fcrgern im Z\u00e4hringer Norden bekannt und wird von den Kindern in der Umgebung Z\u00e4hringens, sowie von Kindergartengruppen (z.B. St. Blasius) gerne aufgesucht, weil dort Fr\u00f6sche laichen und das Wachstum der Fauna beobachtet werden kann. \u201eEs ist ein Kleinod und es w\u00e4re schade, wenn es zerst\u00f6rt w\u00fcrde\u201c, stellt &hellip; <a href=\"http:\/\/xn--cdu-zhringen-kcb.de\/?p=858\" class=\"more-link\">Continue reading<span class=\"screen-reader-text\"> &#8222;CDU Initiative zur Pflege des Fritz-Ginter-Parkes im Z\u00e4hringer Harbuckgebiet&#8220;<\/span><\/a><\/p>\n","protected":false},"author":1,"featured_media":0,"comment_status":"closed","ping_status":"closed","sticky":false,"template":"","format":"standard","meta":{"_et_pb_use_builder":"","_et_pb_old_content":"","_et_gb_content_width":"","_monsterinsights_skip_tracking":false,"_monsterinsights_sitenote_active":false,"_monsterinsights_sitenote_note":"","_monsterinsights_sitenote_category":0,"footnotes":""},"categories":[1],"tags":[],"class_list":["post-858","post","type-post","status-publish","format-standard","hentry","category-aktuelles"],"_links":{"self":[{"href":"http:\/\/xn--cdu-zhringen-kcb.de\/index.php?rest_route=\/wp\/v2\/posts\/858","targetHints":{"allow":["GET"]}}],"collection":[{"href":"http:\/\/xn--cdu-zhringen-kcb.de\/index.php?rest_route=\/wp\/v2\/posts"}],"about":[{"href":"http:\/\/xn--cdu-zhringen-kcb.de\/index.php?rest_route=\/wp\/v2\/types\/post"}],"author":[{"embeddable":true,"href":"http:\/\/xn--cdu-zhringen-kcb.de\/index.php?rest_route=\/wp\/v2\/users\/1"}],"replies":[{"embeddable":true,"href":"http:\/\/xn--cdu-zhringen-kcb.de\/index.php?rest_route=%2Fwp%2Fv2%2Fcomments&post=858"}],"version-history":[{"count":4,"href":"http:\/\/xn--cdu-zhringen-kcb.de\/index.php?rest_route=\/wp\/v2\/posts\/858\/revisions"}],"predecessor-version":[{"id":864,"href":"http:\/\/xn--cdu-zhringen-kcb.de\/index.php?rest_route=\/wp\/v2\/posts\/858\/revisions\/864"}],"wp:attachment":[{"href":"http:\/\/xn--cdu-zhringen-kcb.de\/index.php?rest_route=%2Fwp%2Fv2%2Fmedia&parent=858"}],"wp:term":[{"taxonomy":"category","embeddable":true,"href":"http:\/\/xn--cdu-zhringen-kcb.de\/index.php?rest_route=%2Fwp%2Fv2%2Fcategories&post=858"},{"taxonomy":"post_tag","embeddable":true,"href":"http:\/\/xn--cdu-zhringen-kcb.de\/index.php?rest_route=%2Fwp%2Fv2%2Ftags&post=858"}],"curies":[{"name":"wp","href":"https:\/\/api.w.org\/{rel}","templated":true}]}}