{"id":799,"date":"2020-09-19T10:00:35","date_gmt":"2020-09-19T10:00:35","guid":{"rendered":"http:\/\/xn--cdu-zhringen-kcb.de\/?p=799"},"modified":"2020-09-19T10:18:49","modified_gmt":"2020-09-19T10:18:49","slug":"nominierungsveranstaltung-der-kandidaten-fuer-die-landtagswahl-2020","status":"publish","type":"post","link":"http:\/\/xn--cdu-zhringen-kcb.de\/?p=799","title":{"rendered":"Nominierungsveranstaltung der Kandidaten f\u00fcr die Landtagswahl 2021"},"content":{"rendered":"\t\t<div data-elementor-type=\"wp-post\" data-elementor-id=\"799\" class=\"elementor elementor-799\" data-elementor-settings=\"[]\">\n\t\t\t<div class=\"elementor-inner\">\n\t\t\t\t<div class=\"elementor-section-wrap\">\n\t\t\t\t\t\t\t<section class=\"elementor-element elementor-element-2f8330c elementor-section-boxed elementor-section-height-default elementor-section-height-default elementor-section elementor-top-section\" data-id=\"2f8330c\" data-element_type=\"section\">\n\t\t\t\t\t\t<div class=\"elementor-container elementor-column-gap-default\">\n\t\t\t\t<div class=\"elementor-row\">\n\t\t\t\t<div class=\"elementor-element elementor-element-bc6ee1e elementor-column elementor-col-100 elementor-top-column\" data-id=\"bc6ee1e\" data-element_type=\"column\">\n\t\t\t<div class=\"elementor-column-wrap  elementor-element-populated\">\n\t\t\t\t\t<div class=\"elementor-widget-wrap\">\n\t\t\t\t<div class=\"elementor-element elementor-element-ab02be7 elementor-widget elementor-widget-image\" data-id=\"ab02be7\" data-element_type=\"widget\" data-widget_type=\"image.default\">\n\t\t\t\t<div class=\"elementor-widget-container\">\n\t\t\t\t\t<div class=\"elementor-image\">\n\t\t\t\t\t\t\t\t\t\t<img loading=\"lazy\" decoding=\"async\" width=\"600\" height=\"450\" src=\"http:\/\/xn--cdu-zhringen-kcb.de\/wp-content\/uploads\/2020\/09\/119753993_764752890983284_8265119132700758780_n.jpg\" class=\"attachment-large size-large\" alt=\"\" srcset=\"http:\/\/xn--cdu-zhringen-kcb.de\/wp-content\/uploads\/2020\/09\/119753993_764752890983284_8265119132700758780_n.jpg 600w, http:\/\/xn--cdu-zhringen-kcb.de\/wp-content\/uploads\/2020\/09\/119753993_764752890983284_8265119132700758780_n-300x225.jpg 300w\" sizes=\"auto, (max-width: 709px) 85vw, (max-width: 909px) 67vw, (max-width: 984px) 61vw, (max-width: 1362px) 45vw, 600px\" \/>\t\t\t\t\t\t\t\t\t\t\t<\/div>\n\t\t\t\t<\/div>\n\t\t\t\t<\/div>\n\t\t\t\t\t\t<\/div>\n\t\t\t<\/div>\n\t\t<\/div>\n\t\t\t\t\t\t<\/div>\n\t\t\t<\/div>\n\t\t<\/section>\n\t\t\t\t<section class=\"elementor-element elementor-element-832ef22 elementor-section-boxed elementor-section-height-default elementor-section-height-default elementor-section elementor-top-section\" data-id=\"832ef22\" data-element_type=\"section\">\n\t\t\t\t\t\t<div class=\"elementor-container elementor-column-gap-default\">\n\t\t\t\t<div class=\"elementor-row\">\n\t\t\t\t<div class=\"elementor-element elementor-element-1eea0f8 elementor-column elementor-col-100 elementor-top-column\" data-id=\"1eea0f8\" data-element_type=\"column\">\n\t\t\t<div class=\"elementor-column-wrap  elementor-element-populated\">\n\t\t\t\t\t<div class=\"elementor-widget-wrap\">\n\t\t\t\t<div class=\"elementor-element elementor-element-77a0f7d elementor-widget elementor-widget-text-editor\" data-id=\"77a0f7d\" data-element_type=\"widget\" data-widget_type=\"text-editor.default\">\n\t\t\t\t<div class=\"elementor-widget-container\">\n\t\t\t\t\t<div class=\"elementor-text-editor elementor-clearfix\"><p>Unter den aktuell notwendigen Corona Schutz Bestimmungen fand am 17.09.2020 die Nominierungsveranstaltung f\u00fcr die Kandidaten zur Landtagswahl i, Wahlkreis 47 Freiburg West im B\u00fcrgerhaus Z\u00e4hringen statt.\u00a0<\/p><p>Die Veranstaltung war unter den gegebenen Umst\u00e4ndten mit \u00fcber 50 (auch \u00e4lteren Mitgliedern) gut besucht.\u00a0<\/p><\/div>\n\t\t\t\t<\/div>\n\t\t\t\t<\/div>\n\t\t\t\t\t\t<\/div>\n\t\t\t<\/div>\n\t\t<\/div>\n\t\t\t\t\t\t<\/div>\n\t\t\t<\/div>\n\t\t<\/section>\n\t\t\t\t<section class=\"elementor-element elementor-element-4581eb8 elementor-section-boxed elementor-section-height-default elementor-section-height-default elementor-section elementor-top-section\" data-id=\"4581eb8\" data-element_type=\"section\">\n\t\t\t\t\t\t<div class=\"elementor-container elementor-column-gap-default\">\n\t\t\t\t<div class=\"elementor-row\">\n\t\t\t\t<div class=\"elementor-element elementor-element-8a04a5b elementor-column elementor-col-50 elementor-top-column\" data-id=\"8a04a5b\" data-element_type=\"column\">\n\t\t\t<div class=\"elementor-column-wrap  elementor-element-populated\">\n\t\t\t\t\t<div class=\"elementor-widget-wrap\">\n\t\t\t\t<div class=\"elementor-element elementor-element-20dc30d elementor-widget elementor-widget-image\" data-id=\"20dc30d\" data-element_type=\"widget\" data-widget_type=\"image.default\">\n\t\t\t\t<div class=\"elementor-widget-container\">\n\t\t\t\t\t<div class=\"elementor-image\">\n\t\t\t\t\t\t\t\t\t\t<img loading=\"lazy\" decoding=\"async\" width=\"526\" height=\"701\" src=\"http:\/\/xn--cdu-zhringen-kcb.de\/wp-content\/uploads\/2020\/09\/119731115_764484021010171_5274139821300551384_n-e1600509945246.jpg\" class=\"attachment-large size-large\" alt=\"\" srcset=\"http:\/\/xn--cdu-zhringen-kcb.de\/wp-content\/uploads\/2020\/09\/119731115_764484021010171_5274139821300551384_n-e1600509945246.jpg 526w, http:\/\/xn--cdu-zhringen-kcb.de\/wp-content\/uploads\/2020\/09\/119731115_764484021010171_5274139821300551384_n-e1600509945246-225x300.jpg 225w\" sizes=\"auto, (max-width: 526px) 85vw, 526px\" \/>\t\t\t\t\t\t\t\t\t\t\t<\/div>\n\t\t\t\t<\/div>\n\t\t\t\t<\/div>\n\t\t\t\t\t\t<\/div>\n\t\t\t<\/div>\n\t\t<\/div>\n\t\t\t\t<div class=\"elementor-element elementor-element-0927af4 elementor-column elementor-col-50 elementor-top-column\" data-id=\"0927af4\" data-element_type=\"column\">\n\t\t\t<div class=\"elementor-column-wrap  elementor-element-populated\">\n\t\t\t\t\t<div class=\"elementor-widget-wrap\">\n\t\t\t\t<div class=\"elementor-element elementor-element-c73f333 elementor-widget elementor-widget-text-editor\" data-id=\"c73f333\" data-element_type=\"widget\" data-widget_type=\"text-editor.default\">\n\t\t\t\t<div class=\"elementor-widget-container\">\n\t\t\t\t\t<div class=\"elementor-text-editor elementor-clearfix\"><p style=\"text-align: center;\">Dr. Arndt Michael setzte sich im ersten Wahlgang gegen \u00fcber Martin Linser mit 30 : 26 Stimmen erfolgreich durch.\u00a0<\/p><\/div>\n\t\t\t\t<\/div>\n\t\t\t\t<\/div>\n\t\t\t\t\t\t<\/div>\n\t\t\t<\/div>\n\t\t<\/div>\n\t\t\t\t\t\t<\/div>\n\t\t\t<\/div>\n\t\t<\/section>\n\t\t\t\t<section class=\"elementor-element elementor-element-9bd03af elementor-section-boxed elementor-section-height-default elementor-section-height-default elementor-section elementor-top-section\" data-id=\"9bd03af\" data-element_type=\"section\">\n\t\t\t\t\t\t<div class=\"elementor-container elementor-column-gap-default\">\n\t\t\t\t<div class=\"elementor-row\">\n\t\t\t\t<div class=\"elementor-element elementor-element-381347d elementor-column elementor-col-50 elementor-top-column\" data-id=\"381347d\" data-element_type=\"column\">\n\t\t\t<div class=\"elementor-column-wrap  elementor-element-populated\">\n\t\t\t\t\t<div class=\"elementor-widget-wrap\">\n\t\t\t\t<div class=\"elementor-element elementor-element-07d0fa8 elementor-widget elementor-widget-image\" data-id=\"07d0fa8\" data-element_type=\"widget\" data-widget_type=\"image.default\">\n\t\t\t\t<div class=\"elementor-widget-container\">\n\t\t\t\t\t<div class=\"elementor-image\">\n\t\t\t\t\t\t\t\t\t\t<img loading=\"lazy\" decoding=\"async\" width=\"526\" height=\"701\" src=\"http:\/\/xn--cdu-zhringen-kcb.de\/wp-content\/uploads\/2020\/09\/119733203_764750794316827_4195981336159000331_n.jpg\" class=\"attachment-large size-large\" alt=\"\" srcset=\"http:\/\/xn--cdu-zhringen-kcb.de\/wp-content\/uploads\/2020\/09\/119733203_764750794316827_4195981336159000331_n.jpg 526w, http:\/\/xn--cdu-zhringen-kcb.de\/wp-content\/uploads\/2020\/09\/119733203_764750794316827_4195981336159000331_n-225x300.jpg 225w\" sizes=\"auto, (max-width: 526px) 85vw, 526px\" \/>\t\t\t\t\t\t\t\t\t\t\t<\/div>\n\t\t\t\t<\/div>\n\t\t\t\t<\/div>\n\t\t\t\t\t\t<\/div>\n\t\t\t<\/div>\n\t\t<\/div>\n\t\t\t\t<div class=\"elementor-element elementor-element-d8e5dce elementor-column elementor-col-50 elementor-top-column\" data-id=\"d8e5dce\" data-element_type=\"column\">\n\t\t\t<div class=\"elementor-column-wrap  elementor-element-populated\">\n\t\t\t\t\t<div class=\"elementor-widget-wrap\">\n\t\t\t\t<div class=\"elementor-element elementor-element-ca46158 elementor-widget elementor-widget-text-editor\" data-id=\"ca46158\" data-element_type=\"widget\" data-widget_type=\"text-editor.default\">\n\t\t\t\t<div class=\"elementor-widget-container\">\n\t\t\t\t\t<div class=\"elementor-text-editor elementor-clearfix\"><p style=\"text-align: center;\">Christine Baumgartner wurde im ersten Wahlgang als ersatz Kandidatin gew\u00e4hlt.\u00a0<\/p><\/div>\n\t\t\t\t<\/div>\n\t\t\t\t<\/div>\n\t\t\t\t\t\t<\/div>\n\t\t\t<\/div>\n\t\t<\/div>\n\t\t\t\t\t\t<\/div>\n\t\t\t<\/div>\n\t\t<\/section>\n\t\t\t\t<section class=\"elementor-element elementor-element-83be90c elementor-section-boxed elementor-section-height-default elementor-section-height-default elementor-section elementor-top-section\" data-id=\"83be90c\" data-element_type=\"section\">\n\t\t\t\t\t\t<div class=\"elementor-container elementor-column-gap-default\">\n\t\t\t\t<div class=\"elementor-row\">\n\t\t\t\t<div class=\"elementor-element elementor-element-93d5621 elementor-column elementor-col-100 elementor-top-column\" data-id=\"93d5621\" data-element_type=\"column\">\n\t\t\t<div class=\"elementor-column-wrap  elementor-element-populated\">\n\t\t\t\t\t<div class=\"elementor-widget-wrap\">\n\t\t\t\t<div class=\"elementor-element elementor-element-b2e7114 elementor-widget elementor-widget-text-editor\" data-id=\"b2e7114\" data-element_type=\"widget\" data-widget_type=\"text-editor.default\">\n\t\t\t\t<div class=\"elementor-widget-container\">\n\t\t\t\t\t<div class=\"elementor-text-editor elementor-clearfix\"><p style=\"text-align: center;\">Die Badische Zeitung berichtet in der aktuellen Ausgabe unter dem nachfolgendem Link.<\/p><p style=\"text-align: center;\"><a href=\"https:\/\/www.badische-zeitung.de\/cdu-nominiert-arndt-michael-im-wahlkreis-freiburg-west-fuer-die-landtagswahl\">Hier den Artikel lesen !\u00a0<\/a><\/p><\/div>\n\t\t\t\t<\/div>\n\t\t\t\t<\/div>\n\t\t\t\t\t\t<\/div>\n\t\t\t<\/div>\n\t\t<\/div>\n\t\t\t\t\t\t<\/div>\n\t\t\t<\/div>\n\t\t<\/section>\n\t\t\t\t<section class=\"elementor-element elementor-element-4c61b63 elementor-section-boxed elementor-section-height-default elementor-section-height-default elementor-section elementor-top-section\" data-id=\"4c61b63\" data-element_type=\"section\">\n\t\t\t\t\t\t<div class=\"elementor-container elementor-column-gap-default\">\n\t\t\t\t<div class=\"elementor-row\">\n\t\t\t\t<div class=\"elementor-element elementor-element-becf611 elementor-column elementor-col-100 elementor-top-column\" data-id=\"becf611\" data-element_type=\"column\">\n\t\t\t<div class=\"elementor-column-wrap  elementor-element-populated\">\n\t\t\t\t\t<div class=\"elementor-widget-wrap\">\n\t\t\t\t<div class=\"elementor-element elementor-element-64f0752 elementor-widget elementor-widget-text-editor\" data-id=\"64f0752\" data-element_type=\"widget\" data-widget_type=\"text-editor.default\">\n\t\t\t\t<div class=\"elementor-widget-container\">\n\t\t\t\t\t<div class=\"elementor-text-editor elementor-clearfix\"><p style=\"text-align: center;\"><strong>Die CDU Z\u00e4hringen w\u00fcnscht allen gew\u00e4hlten Kandidaten viel Erfolg bei der anstehenden Wah<\/strong>l !<\/p><\/div>\n\t\t\t\t<\/div>\n\t\t\t\t<\/div>\n\t\t\t\t\t\t<\/div>\n\t\t\t<\/div>\n\t\t<\/div>\n\t\t\t\t\t\t<\/div>\n\t\t\t<\/div>\n\t\t<\/section>\n\t\t\t\t\t\t<\/div>\n\t\t\t<\/div>\n\t\t<\/div>\n\t\t","protected":false},"excerpt":{"rendered":"<p>Unter den aktuell notwendigen Corona Schutz Bestimmungen fand am 17.09.2020 die Nominierungsveranstaltung f\u00fcr die Kandidaten zur Landtagswahl i, Wahlkreis 47 Freiburg West im B\u00fcrgerhaus Z\u00e4hringen statt.\u00a0 Die Veranstaltung war unter den gegebenen Umst\u00e4ndten mit \u00fcber 50 (auch \u00e4lteren Mitgliedern) gut besucht.\u00a0 Dr. Arndt Michael setzte sich im ersten Wahlgang gegen \u00fcber Martin Linser mit 30 &hellip; <a href=\"http:\/\/xn--cdu-zhringen-kcb.de\/?p=799\" class=\"more-link\">Continue reading<span class=\"screen-reader-text\"> &#8222;Nominierungsveranstaltung der Kandidaten f\u00fcr die Landtagswahl 2021&#8220;<\/span><\/a><\/p>\n","protected":false},"author":1,"featured_media":0,"comment_status":"closed","ping_status":"closed","sticky":false,"template":"","format":"standard","meta":{"_et_pb_use_builder":"","_et_pb_old_content":"","_et_gb_content_width":"","_monsterinsights_skip_tracking":false,"_monsterinsights_sitenote_active":false,"_monsterinsights_sitenote_note":"","_monsterinsights_sitenote_category":0,"footnotes":""},"categories":[1],"tags":[],"class_list":["post-799","post","type-post","status-publish","format-standard","hentry","category-aktuelles"],"_links":{"self":[{"href":"http:\/\/xn--cdu-zhringen-kcb.de\/index.php?rest_route=\/wp\/v2\/posts\/799","targetHints":{"allow":["GET"]}}],"collection":[{"href":"http:\/\/xn--cdu-zhringen-kcb.de\/index.php?rest_route=\/wp\/v2\/posts"}],"about":[{"href":"http:\/\/xn--cdu-zhringen-kcb.de\/index.php?rest_route=\/wp\/v2\/types\/post"}],"author":[{"embeddable":true,"href":"http:\/\/xn--cdu-zhringen-kcb.de\/index.php?rest_route=\/wp\/v2\/users\/1"}],"replies":[{"embeddable":true,"href":"http:\/\/xn--cdu-zhringen-kcb.de\/index.php?rest_route=%2Fwp%2Fv2%2Fcomments&post=799"}],"version-history":[{"count":8,"href":"http:\/\/xn--cdu-zhringen-kcb.de\/index.php?rest_route=\/wp\/v2\/posts\/799\/revisions"}],"predecessor-version":[{"id":811,"href":"http:\/\/xn--cdu-zhringen-kcb.de\/index.php?rest_route=\/wp\/v2\/posts\/799\/revisions\/811"}],"wp:attachment":[{"href":"http:\/\/xn--cdu-zhringen-kcb.de\/index.php?rest_route=%2Fwp%2Fv2%2Fmedia&parent=799"}],"wp:term":[{"taxonomy":"category","embeddable":true,"href":"http:\/\/xn--cdu-zhringen-kcb.de\/index.php?rest_route=%2Fwp%2Fv2%2Fcategories&post=799"},{"taxonomy":"post_tag","embeddable":true,"href":"http:\/\/xn--cdu-zhringen-kcb.de\/index.php?rest_route=%2Fwp%2Fv2%2Ftags&post=799"}],"curies":[{"name":"wp","href":"https:\/\/api.w.org\/{rel}","templated":true}]}}