{"id":615,"date":"2019-11-29T17:30:59","date_gmt":"2019-11-29T17:30:59","guid":{"rendered":"http:\/\/xn--cdu-zhringen-kcb.de\/?p=615"},"modified":"2019-11-29T18:42:59","modified_gmt":"2019-11-29T18:42:59","slug":"geplante-zaehringer-verkehrsloesungen-immer-noch-unsicher","status":"publish","type":"post","link":"http:\/\/xn--cdu-zhringen-kcb.de\/?p=615","title":{"rendered":"Geplante Z\u00e4hringer Verkehrsl\u00f6sungen immer noch unsicher"},"content":{"rendered":"\t\t<div data-elementor-type=\"wp-post\" data-elementor-id=\"615\" class=\"elementor elementor-615\" data-elementor-settings=\"[]\">\n\t\t\t<div class=\"elementor-inner\">\n\t\t\t\t<div class=\"elementor-section-wrap\">\n\t\t\t\t\t\t\t<section class=\"elementor-element elementor-element-f316653 elementor-section-boxed elementor-section-height-default elementor-section-height-default elementor-section elementor-top-section\" data-id=\"f316653\" data-element_type=\"section\">\n\t\t\t\t\t\t<div class=\"elementor-container elementor-column-gap-default\">\n\t\t\t\t<div class=\"elementor-row\">\n\t\t\t\t<div class=\"elementor-element elementor-element-3975759 elementor-column elementor-col-100 elementor-top-column\" data-id=\"3975759\" data-element_type=\"column\">\n\t\t\t<div class=\"elementor-column-wrap  elementor-element-populated\">\n\t\t\t\t\t<div class=\"elementor-widget-wrap\">\n\t\t\t\t<div class=\"elementor-element elementor-element-7e27656 elementor-widget elementor-widget-image\" data-id=\"7e27656\" data-element_type=\"widget\" data-widget_type=\"image.default\">\n\t\t\t\t<div class=\"elementor-widget-container\">\n\t\t\t\t\t<div class=\"elementor-image\">\n\t\t\t\t\t\t\t\t\t\t<img loading=\"lazy\" decoding=\"async\" width=\"300\" height=\"225\" src=\"http:\/\/xn--cdu-zhringen-kcb.de\/wp-content\/uploads\/2019\/11\/P1050530-300x225.jpg\" class=\"attachment-medium size-medium\" alt=\"\" srcset=\"http:\/\/xn--cdu-zhringen-kcb.de\/wp-content\/uploads\/2019\/11\/P1050530-300x225.jpg 300w, http:\/\/xn--cdu-zhringen-kcb.de\/wp-content\/uploads\/2019\/11\/P1050530-768x576.jpg 768w, http:\/\/xn--cdu-zhringen-kcb.de\/wp-content\/uploads\/2019\/11\/P1050530-1024x768.jpg 1024w\" sizes=\"auto, (max-width: 300px) 85vw, 300px\" \/>\t\t\t\t\t\t\t\t\t\t\t<\/div>\n\t\t\t\t<\/div>\n\t\t\t\t<\/div>\n\t\t\t\t\t\t<\/div>\n\t\t\t<\/div>\n\t\t<\/div>\n\t\t\t\t\t\t<\/div>\n\t\t\t<\/div>\n\t\t<\/section>\n\t\t\t\t<section class=\"elementor-element elementor-element-370623c elementor-section-boxed elementor-section-height-default elementor-section-height-default elementor-section elementor-top-section\" data-id=\"370623c\" data-element_type=\"section\">\n\t\t\t\t\t\t<div class=\"elementor-container elementor-column-gap-default\">\n\t\t\t\t<div class=\"elementor-row\">\n\t\t\t\t<div class=\"elementor-element elementor-element-1207bb0 elementor-column elementor-col-100 elementor-top-column\" data-id=\"1207bb0\" data-element_type=\"column\">\n\t\t\t<div class=\"elementor-column-wrap  elementor-element-populated\">\n\t\t\t\t\t<div class=\"elementor-widget-wrap\">\n\t\t\t\t<div class=\"elementor-element elementor-element-02abd84 elementor-widget elementor-widget-text-editor\" data-id=\"02abd84\" data-element_type=\"widget\" data-widget_type=\"text-editor.default\">\n\t\t\t\t<div class=\"elementor-widget-container\">\n\t\t\t\t\t<div class=\"elementor-text-editor elementor-clearfix\"><p><strong>Geplante Z\u00e4hringer Verkehrsl\u00f6sungen immer noch unsicher<\/strong><\/p><p>In einem \u00f6ffentlichen Verkehrsforum im M\u00e4rz 2019 informierten die CDU-Nordstadtverb\u00e4nde Br\u00fchl-Beurbarung, Herdern und Z\u00e4hringen \u00fcber die Verkehrsschwerpunkte in den Stadtbezirken. In der Moderation des Z\u00e4hringer CDU Vorsitzenden Antonio Fusco berichtete der Z\u00e4hringer CDU Patenstadtrat Martin Kotterer \u00fcber den Planungsstand der B 3 -neu- und die inner\u00f6rtliche Verkehrssituation Z\u00e4hringens mit dem L\u00f6sungsansatz \u201eWildtalspange\u201c an der Gemarkungsgrenze.<\/p><p>Kotterer erl\u00e4uterte insbesondere die erforderlichen Bauma\u00dfnahmen am Komturplatz mit der Sanierung des Regenr\u00fcckhaltebeckens, der neuen \u00d6PNV-Planung in der Waldkircher Str., den Kreuzungspunkt Waldkircher Str.\/ Isfahanallee und die Neuplanung der B 3 (Isfahan Allee) mit dem Vollanschlu\u00df zum G\u00fcterbahnhofsareal. Dieses Verkehrsprojekt soll zu Beginn des n\u00e4chsten Jahrzehntes realisiert werden.<\/p><p>Inzwischen hat sich Oberb\u00fcrgermeister Martin Horn in einer \u00f6ffentlichen Veranstaltung am 22, November 2019 im Z\u00e4hringer B\u00fcrgerhaus auch zu diesem Projekt ge\u00e4u\u00dfert. Leider gab es auf dringende Nachfragen aus dem Publikum keine definitiven Realisierungszusagen und Garantie des beschlossenen Zeitplanes. Stattdessen wurde angek\u00fcndigt, da\u00df alle relevanten Verkehrsthemen der Stadt neu analysiert werden sollen. Dies l\u00f6ste im Auditorium Unmut aus, weil bef\u00fcrchtet wurde, da\u00df derartige neue \u00dcberlegungen zu weiteren Verz\u00f6gerungen f\u00fchren. Am Ende fehlt wieder das Geld. Hinweise auf die deutlichen Vorw\u00fcrfe des Bundesfinanzministers Olaf Scholz gegen\u00fcber den L\u00e4ndern und Kommunen \u00fcber die z\u00f6gerlichen Abrufe bereitstehender Bundesmittel f\u00fcr Verkehrsma\u00dfnahmen wurden vom OB leider weitgehend ignoriert. \u201eErneute Verz\u00f6gerungen der Bauma\u00dfnahme durch neue fragw\u00fcrdige Planungen m\u00fcssen unbedingt verhindert werden\u201c stellte der Z\u00e4hringer CDU-Vorsitzende am Ende fest.<\/p><p>Die CDU Z\u00e4hringen fordert daher von der Stadtverwaltung und vom Gemeinderat die umgehende Realisierung der vorliegenden Planung f\u00fcr die B 3 -neu- gem\u00e4\u00df des gemeinder\u00e4tlichen Planungsbeschlusses.\u00a0<\/p><p>Autor:\u00a0<\/p><p>Adolf Thoma<\/p><\/div>\n\t\t\t\t<\/div>\n\t\t\t\t<\/div>\n\t\t\t\t\t\t<\/div>\n\t\t\t<\/div>\n\t\t<\/div>\n\t\t\t\t\t\t<\/div>\n\t\t\t<\/div>\n\t\t<\/section>\n\t\t\t\t<section class=\"elementor-element elementor-element-c3e4978 elementor-section-boxed elementor-section-height-default elementor-section-height-default elementor-section elementor-top-section\" data-id=\"c3e4978\" data-element_type=\"section\">\n\t\t\t\t\t\t<div class=\"elementor-container elementor-column-gap-default\">\n\t\t\t\t<div class=\"elementor-row\">\n\t\t\t\t<div class=\"elementor-element elementor-element-1ec9059 elementor-column elementor-col-50 elementor-top-column\" data-id=\"1ec9059\" data-element_type=\"column\">\n\t\t\t<div class=\"elementor-column-wrap  elementor-element-populated\">\n\t\t\t\t\t<div class=\"elementor-widget-wrap\">\n\t\t\t\t<div class=\"elementor-element elementor-element-27c765f elementor-widget elementor-widget-image\" data-id=\"27c765f\" data-element_type=\"widget\" data-widget_type=\"image.default\">\n\t\t\t\t<div class=\"elementor-widget-container\">\n\t\t\t\t\t<div class=\"elementor-image\">\n\t\t\t\t\t\t\t\t\t\t<img loading=\"lazy\" decoding=\"async\" width=\"1024\" height=\"768\" src=\"http:\/\/xn--cdu-zhringen-kcb.de\/wp-content\/uploads\/2019\/11\/P1050534-1024x768.jpg\" class=\"attachment-large size-large\" alt=\"\" srcset=\"http:\/\/xn--cdu-zhringen-kcb.de\/wp-content\/uploads\/2019\/11\/P1050534-1024x768.jpg 1024w, http:\/\/xn--cdu-zhringen-kcb.de\/wp-content\/uploads\/2019\/11\/P1050534-300x225.jpg 300w, http:\/\/xn--cdu-zhringen-kcb.de\/wp-content\/uploads\/2019\/11\/P1050534-768x576.jpg 768w\" sizes=\"auto, (max-width: 709px) 85vw, (max-width: 909px) 67vw, (max-width: 1362px) 62vw, 840px\" \/>\t\t\t\t\t\t\t\t\t\t\t<\/div>\n\t\t\t\t<\/div>\n\t\t\t\t<\/div>\n\t\t\t\t\t\t<\/div>\n\t\t\t<\/div>\n\t\t<\/div>\n\t\t\t\t<div class=\"elementor-element elementor-element-1f62e52 elementor-column elementor-col-50 elementor-top-column\" data-id=\"1f62e52\" data-element_type=\"column\">\n\t\t\t<div class=\"elementor-column-wrap  elementor-element-populated\">\n\t\t\t\t\t<div class=\"elementor-widget-wrap\">\n\t\t\t\t<div class=\"elementor-element elementor-element-9aaed72 elementor-widget elementor-widget-image\" data-id=\"9aaed72\" data-element_type=\"widget\" data-widget_type=\"image.default\">\n\t\t\t\t<div class=\"elementor-widget-container\">\n\t\t\t\t\t<div class=\"elementor-image\">\n\t\t\t\t\t\t\t\t\t\t<img loading=\"lazy\" decoding=\"async\" width=\"1024\" height=\"768\" src=\"http:\/\/xn--cdu-zhringen-kcb.de\/wp-content\/uploads\/2019\/11\/P1050535-1024x768.jpg\" class=\"attachment-large size-large\" alt=\"\" srcset=\"http:\/\/xn--cdu-zhringen-kcb.de\/wp-content\/uploads\/2019\/11\/P1050535-1024x768.jpg 1024w, http:\/\/xn--cdu-zhringen-kcb.de\/wp-content\/uploads\/2019\/11\/P1050535-300x225.jpg 300w, http:\/\/xn--cdu-zhringen-kcb.de\/wp-content\/uploads\/2019\/11\/P1050535-768x576.jpg 768w\" sizes=\"auto, (max-width: 709px) 85vw, (max-width: 909px) 67vw, (max-width: 1362px) 62vw, 840px\" \/>\t\t\t\t\t\t\t\t\t\t\t<\/div>\n\t\t\t\t<\/div>\n\t\t\t\t<\/div>\n\t\t\t\t\t\t<\/div>\n\t\t\t<\/div>\n\t\t<\/div>\n\t\t\t\t\t\t<\/div>\n\t\t\t<\/div>\n\t\t<\/section>\n\t\t\t\t\t\t<\/div>\n\t\t\t<\/div>\n\t\t<\/div>\n\t\t","protected":false},"excerpt":{"rendered":"<p>Geplante Z\u00e4hringer Verkehrsl\u00f6sungen immer noch unsicher In einem \u00f6ffentlichen Verkehrsforum im M\u00e4rz 2019 informierten die CDU-Nordstadtverb\u00e4nde Br\u00fchl-Beurbarung, Herdern und Z\u00e4hringen \u00fcber die Verkehrsschwerpunkte in den Stadtbezirken. In der Moderation des Z\u00e4hringer CDU Vorsitzenden Antonio Fusco berichtete der Z\u00e4hringer CDU Patenstadtrat Martin Kotterer \u00fcber den Planungsstand der B 3 -neu- und die inner\u00f6rtliche Verkehrssituation Z\u00e4hringens mit &hellip; <a href=\"http:\/\/xn--cdu-zhringen-kcb.de\/?p=615\" class=\"more-link\">Continue reading<span class=\"screen-reader-text\"> &#8222;Geplante Z\u00e4hringer Verkehrsl\u00f6sungen immer noch unsicher&#8220;<\/span><\/a><\/p>\n","protected":false},"author":3,"featured_media":0,"comment_status":"closed","ping_status":"closed","sticky":false,"template":"","format":"standard","meta":{"_et_pb_use_builder":"","_et_pb_old_content":"","_et_gb_content_width":"","_monsterinsights_skip_tracking":false,"_monsterinsights_sitenote_active":false,"_monsterinsights_sitenote_note":"","_monsterinsights_sitenote_category":0,"footnotes":""},"categories":[1],"tags":[],"class_list":["post-615","post","type-post","status-publish","format-standard","hentry","category-aktuelles"],"_links":{"self":[{"href":"http:\/\/xn--cdu-zhringen-kcb.de\/index.php?rest_route=\/wp\/v2\/posts\/615","targetHints":{"allow":["GET"]}}],"collection":[{"href":"http:\/\/xn--cdu-zhringen-kcb.de\/index.php?rest_route=\/wp\/v2\/posts"}],"about":[{"href":"http:\/\/xn--cdu-zhringen-kcb.de\/index.php?rest_route=\/wp\/v2\/types\/post"}],"author":[{"embeddable":true,"href":"http:\/\/xn--cdu-zhringen-kcb.de\/index.php?rest_route=\/wp\/v2\/users\/3"}],"replies":[{"embeddable":true,"href":"http:\/\/xn--cdu-zhringen-kcb.de\/index.php?rest_route=%2Fwp%2Fv2%2Fcomments&post=615"}],"version-history":[{"count":3,"href":"http:\/\/xn--cdu-zhringen-kcb.de\/index.php?rest_route=\/wp\/v2\/posts\/615\/revisions"}],"predecessor-version":[{"id":622,"href":"http:\/\/xn--cdu-zhringen-kcb.de\/index.php?rest_route=\/wp\/v2\/posts\/615\/revisions\/622"}],"wp:attachment":[{"href":"http:\/\/xn--cdu-zhringen-kcb.de\/index.php?rest_route=%2Fwp%2Fv2%2Fmedia&parent=615"}],"wp:term":[{"taxonomy":"category","embeddable":true,"href":"http:\/\/xn--cdu-zhringen-kcb.de\/index.php?rest_route=%2Fwp%2Fv2%2Fcategories&post=615"},{"taxonomy":"post_tag","embeddable":true,"href":"http:\/\/xn--cdu-zhringen-kcb.de\/index.php?rest_route=%2Fwp%2Fv2%2Ftags&post=615"}],"curies":[{"name":"wp","href":"https:\/\/api.w.org\/{rel}","templated":true}]}}