{"id":1180,"date":"2025-10-22T16:40:03","date_gmt":"2025-10-22T16:40:03","guid":{"rendered":"http:\/\/xn--cdu-zhringen-kcb.de\/?p=1180"},"modified":"2025-10-22T16:40:54","modified_gmt":"2025-10-22T16:40:54","slug":"parken-wird-teuercdu-zaehringen-fordert-den-abruf-neuer-strassenbaumittel-des-bundes-fuer-b-3-neu","status":"publish","type":"post","link":"http:\/\/xn--cdu-zhringen-kcb.de\/?p=1180","title":{"rendered":"CDU Z\u00e4hringen fordert den Abruf neuer Stra\u00dfenbaumittel des Bundes f\u00fcr B 3-neu"},"content":{"rendered":"\n<p class=\"ydp7d5dfe13MsoNormal\">Die CDU Z\u00e4hringen stellt fest: Nun gibt es die M\u00f6glichkeit F\u00f6rderungsmittel f\u00fcr neue Stra\u00dfenbauma\u00dfnahmen aus dem Infrastrukturprogramm des Bundes in Anspruch zu nehmen. Damit kann endlich die Realisierung der neuen B 3 vom Komturplatz Richtung Norden realisiert werden. Ein Projekt, das schon seit Jahrzehnten von der Bev\u00f6lkerung des Freiburger Nordens gefordert wird, aber von der Kommunalpolitik mit der Begr\u00fcndung finanzieller Schwierigkeiten verhindert wird. Jetzt liegt es bei der Stadtverwaltung, endlich den durchg\u00e4ngigen dreispurigen Ausbau in Angriff zu nehmen, wie es von den drei B\u00fcrgervereinen der Nordstadt seit langer, langer Zeit einm\u00fctig gefordert wurde. \u201eMachen und handeln\u201c ist angesagt und die b\u00fcrokratischen und administrativen Hemmnisse f\u00fcr dieses Stra\u00dfenbauprojekt endlich \u00fcberwinden\u201c, so der Vorsitzende der Z\u00e4hringer CDU Antonio Fusco.<\/p>\n<p class=\"ydp7d5dfe13MsoNormal\">F\u00fcr den Stra\u00dfenbau werden bis 2029\u00a0<b>zus\u00e4tzliche<\/b>\u00a0drei Milliarden Euro vom Bund bereitgestellt. Planungs- und Genehmigungsverfahren werden durch ein geplantes \u00bbInfrastruktur-Zukunftsgesetz\u00ab beschleunigt werden. \u00a0Um eine schnelle und zukunftstr\u00e4chtige L\u00f6sung zu erhalten, sollte auch die M\u00f6glichkeit f\u00fcr eine st\u00e4rkere Nutzung von \u00d6ffentlich-Privaten Partnerschaften (\u00d6PP) erwogen werden, h\u00f6rt man aus dem Bundesverkehrsministerium. Die CDU Z\u00e4hringen erwartet von der Stadtverwaltung die jetzige Chance zu nutzen und ihre Vorbehalte bzw. Widerstand gegen\u00fcber diesem dringenden Verkehrsprojekt aufzugeben.\u00a0\u00a0<\/p>\n<p>\u00a0<\/p>\n<p>\u00a0<\/p>\n","protected":false},"excerpt":{"rendered":"<p>Die CDU Z\u00e4hringen stellt fest: Nun gibt es die M\u00f6glichkeit F\u00f6rderungsmittel f\u00fcr neue Stra\u00dfenbauma\u00dfnahmen aus dem Infrastrukturprogramm des Bundes in Anspruch zu nehmen. Damit kann endlich die Realisierung der neuen B 3 vom Komturplatz Richtung Norden realisiert werden. Ein Projekt, das schon seit Jahrzehnten von der Bev\u00f6lkerung des Freiburger Nordens gefordert wird, aber von der &hellip; <a href=\"http:\/\/xn--cdu-zhringen-kcb.de\/?p=1180\" class=\"more-link\">Continue reading<span class=\"screen-reader-text\"> &#8222;CDU Z\u00e4hringen fordert den Abruf neuer Stra\u00dfenbaumittel des Bundes f\u00fcr B 3-neu&#8220;<\/span><\/a><\/p>\n","protected":false},"author":1,"featured_media":1163,"comment_status":"closed","ping_status":"closed","sticky":false,"template":"","format":"standard","meta":{"_et_pb_use_builder":"","_et_pb_old_content":"","_et_gb_content_width":"","_monsterinsights_skip_tracking":false,"_monsterinsights_sitenote_active":false,"_monsterinsights_sitenote_note":"","_monsterinsights_sitenote_category":0,"footnotes":""},"categories":[1],"tags":[],"class_list":["post-1180","post","type-post","status-publish","format-standard","has-post-thumbnail","hentry","category-aktuelles"],"_links":{"self":[{"href":"http:\/\/xn--cdu-zhringen-kcb.de\/index.php?rest_route=\/wp\/v2\/posts\/1180","targetHints":{"allow":["GET"]}}],"collection":[{"href":"http:\/\/xn--cdu-zhringen-kcb.de\/index.php?rest_route=\/wp\/v2\/posts"}],"about":[{"href":"http:\/\/xn--cdu-zhringen-kcb.de\/index.php?rest_route=\/wp\/v2\/types\/post"}],"author":[{"embeddable":true,"href":"http:\/\/xn--cdu-zhringen-kcb.de\/index.php?rest_route=\/wp\/v2\/users\/1"}],"replies":[{"embeddable":true,"href":"http:\/\/xn--cdu-zhringen-kcb.de\/index.php?rest_route=%2Fwp%2Fv2%2Fcomments&post=1180"}],"version-history":[{"count":2,"href":"http:\/\/xn--cdu-zhringen-kcb.de\/index.php?rest_route=\/wp\/v2\/posts\/1180\/revisions"}],"predecessor-version":[{"id":1182,"href":"http:\/\/xn--cdu-zhringen-kcb.de\/index.php?rest_route=\/wp\/v2\/posts\/1180\/revisions\/1182"}],"wp:featuredmedia":[{"embeddable":true,"href":"http:\/\/xn--cdu-zhringen-kcb.de\/index.php?rest_route=\/wp\/v2\/media\/1163"}],"wp:attachment":[{"href":"http:\/\/xn--cdu-zhringen-kcb.de\/index.php?rest_route=%2Fwp%2Fv2%2Fmedia&parent=1180"}],"wp:term":[{"taxonomy":"category","embeddable":true,"href":"http:\/\/xn--cdu-zhringen-kcb.de\/index.php?rest_route=%2Fwp%2Fv2%2Fcategories&post=1180"},{"taxonomy":"post_tag","embeddable":true,"href":"http:\/\/xn--cdu-zhringen-kcb.de\/index.php?rest_route=%2Fwp%2Fv2%2Ftags&post=1180"}],"curies":[{"name":"wp","href":"https:\/\/api.w.org\/{rel}","templated":true}]}}