{"id":1165,"date":"2025-07-01T15:28:14","date_gmt":"2025-07-01T15:28:14","guid":{"rendered":"http:\/\/xn--cdu-zhringen-kcb.de\/?p=1165"},"modified":"2025-07-02T15:46:01","modified_gmt":"2025-07-02T15:46:01","slug":"parken-wird-teuer","status":"publish","type":"post","link":"http:\/\/xn--cdu-zhringen-kcb.de\/?p=1165","title":{"rendered":"Parken wird teuer"},"content":{"rendered":"<p class=\"ydp512db53dMsoNormal\">Jetzt ist es soweit ! Die Menschen in den Wohnbereichen westlich und streckenweise \u00f6stlich der Z\u00e4hringer Stra\u00dfe werden ab Juli 2025\u00a0\u00a0mit erheblichen Kosten f\u00fcr das Parken belastet. Die neu eingef\u00fchrte Parkraumbewirtschaftung und das halbseitige Parkverbot auf Gehwegen bringen im dicht besiedelten Wohnquartier erhebliche Mehrbelastungen und l\u00f6sen zurecht ganz erheblichen Unmut aus. Im Quartier spricht man von Schikane.<\/p>\n<p class=\"ydp512db53dMsoNormal\">\n\n<div class=\"wp-block-image\">\n<figure class=\"aligncenter size-large\"><img loading=\"lazy\" decoding=\"async\" width=\"1024\" height=\"576\" src=\"http:\/\/xn--cdu-zhringen-kcb.de\/wp-content\/uploads\/2025\/07\/WhatsApp-Bild-2025-07-01-um-21.38.40_520ae291-1024x576.jpg\" alt=\"\" class=\"wp-image-1169\" srcset=\"http:\/\/xn--cdu-zhringen-kcb.de\/wp-content\/uploads\/2025\/07\/WhatsApp-Bild-2025-07-01-um-21.38.40_520ae291-1024x576.jpg 1024w, http:\/\/xn--cdu-zhringen-kcb.de\/wp-content\/uploads\/2025\/07\/WhatsApp-Bild-2025-07-01-um-21.38.40_520ae291-300x169.jpg 300w, http:\/\/xn--cdu-zhringen-kcb.de\/wp-content\/uploads\/2025\/07\/WhatsApp-Bild-2025-07-01-um-21.38.40_520ae291-768x432.jpg 768w, http:\/\/xn--cdu-zhringen-kcb.de\/wp-content\/uploads\/2025\/07\/WhatsApp-Bild-2025-07-01-um-21.38.40_520ae291-1536x864.jpg 1536w, http:\/\/xn--cdu-zhringen-kcb.de\/wp-content\/uploads\/2025\/07\/WhatsApp-Bild-2025-07-01-um-21.38.40_520ae291-1080x608.jpg 1080w, http:\/\/xn--cdu-zhringen-kcb.de\/wp-content\/uploads\/2025\/07\/WhatsApp-Bild-2025-07-01-um-21.38.40_520ae291-1200x675.jpg 1200w, http:\/\/xn--cdu-zhringen-kcb.de\/wp-content\/uploads\/2025\/07\/WhatsApp-Bild-2025-07-01-um-21.38.40_520ae291.jpg 1600w\" sizes=\"auto, (max-width: 709px) 85vw, (max-width: 909px) 67vw, (max-width: 1362px) 62vw, 840px\" \/><\/figure><\/div>\n\n\n<p>\u00a0<\/p>\n<p>Mit Entschiedenheit lehnt die CDU Z\u00e4hringen diese v\u00f6llig unn\u00f6tige neue Regulierungswut einer links\/gr\u00fcnen Gemeinderatsmehrheit ab. \u201eDies belastet insbesondere die Menschen, die ohnehin von \u00f6ffentlichen Steuern und Geb\u00fchren hart betroffen werden,\u201c so CDU Vorsitzender Antonio Fusco. Das Stopfen von Haushaltsl\u00f6chern durch derartige weitere st\u00e4dtische Geb\u00fchren lehnt die CDU Z\u00e4hringen mit Entschiedenheit ab. Die kommunalen B\u00fcrgerlasten sollten eher reduziert werden.<\/p>\n<p>\u00a0<\/p>\n<p>\u00a0<\/p>\n\n\n<div class=\"wp-block-image\">\n<figure class=\"aligncenter size-large\"><img loading=\"lazy\" decoding=\"async\" width=\"771\" height=\"1024\" src=\"http:\/\/xn--cdu-zhringen-kcb.de\/wp-content\/uploads\/2025\/07\/WhatsApp-Bild-2025-07-02-um-16.57.11_944b0d8d-771x1024.jpg\" alt=\"\" class=\"wp-image-1175\" style=\"aspect-ratio:3\/2;object-fit:cover\" srcset=\"http:\/\/xn--cdu-zhringen-kcb.de\/wp-content\/uploads\/2025\/07\/WhatsApp-Bild-2025-07-02-um-16.57.11_944b0d8d-771x1024.jpg 771w, http:\/\/xn--cdu-zhringen-kcb.de\/wp-content\/uploads\/2025\/07\/WhatsApp-Bild-2025-07-02-um-16.57.11_944b0d8d-226x300.jpg 226w, http:\/\/xn--cdu-zhringen-kcb.de\/wp-content\/uploads\/2025\/07\/WhatsApp-Bild-2025-07-02-um-16.57.11_944b0d8d-768x1021.jpg 768w, http:\/\/xn--cdu-zhringen-kcb.de\/wp-content\/uploads\/2025\/07\/WhatsApp-Bild-2025-07-02-um-16.57.11_944b0d8d-1156x1536.jpg 1156w, http:\/\/xn--cdu-zhringen-kcb.de\/wp-content\/uploads\/2025\/07\/WhatsApp-Bild-2025-07-02-um-16.57.11_944b0d8d-1080x1435.jpg 1080w, http:\/\/xn--cdu-zhringen-kcb.de\/wp-content\/uploads\/2025\/07\/WhatsApp-Bild-2025-07-02-um-16.57.11_944b0d8d-1200x1595.jpg 1200w, http:\/\/xn--cdu-zhringen-kcb.de\/wp-content\/uploads\/2025\/07\/WhatsApp-Bild-2025-07-02-um-16.57.11_944b0d8d.jpg 1204w\" sizes=\"auto, (max-width: 709px) 85vw, (max-width: 909px) 67vw, (max-width: 984px) 61vw, (max-width: 1362px) 45vw, 600px\" \/><\/figure><\/div>\n\n\n<p>\u00a0<\/p>\n<p>\u00a0<\/p>\n<p>\u00a0<\/p>\n","protected":false},"excerpt":{"rendered":"<p>Jetzt ist es soweit ! Die Menschen in den Wohnbereichen westlich und streckenweise \u00f6stlich der Z\u00e4hringer Stra\u00dfe werden ab Juli 2025\u00a0\u00a0mit erheblichen Kosten f\u00fcr das Parken belastet. Die neu eingef\u00fchrte Parkraumbewirtschaftung und das halbseitige Parkverbot auf Gehwegen bringen im dicht besiedelten Wohnquartier erhebliche Mehrbelastungen und l\u00f6sen zurecht ganz erheblichen Unmut aus. Im Quartier spricht man &hellip; <a href=\"http:\/\/xn--cdu-zhringen-kcb.de\/?p=1165\" class=\"more-link\">Continue reading<span class=\"screen-reader-text\"> &#8222;Parken wird teuer&#8220;<\/span><\/a><\/p>\n","protected":false},"author":1,"featured_media":1168,"comment_status":"closed","ping_status":"closed","sticky":false,"template":"","format":"standard","meta":{"_et_pb_use_builder":"","_et_pb_old_content":"","_et_gb_content_width":"","_monsterinsights_skip_tracking":false,"_monsterinsights_sitenote_active":false,"_monsterinsights_sitenote_note":"","_monsterinsights_sitenote_category":0,"footnotes":""},"categories":[1],"tags":[],"class_list":["post-1165","post","type-post","status-publish","format-standard","has-post-thumbnail","hentry","category-aktuelles"],"_links":{"self":[{"href":"http:\/\/xn--cdu-zhringen-kcb.de\/index.php?rest_route=\/wp\/v2\/posts\/1165","targetHints":{"allow":["GET"]}}],"collection":[{"href":"http:\/\/xn--cdu-zhringen-kcb.de\/index.php?rest_route=\/wp\/v2\/posts"}],"about":[{"href":"http:\/\/xn--cdu-zhringen-kcb.de\/index.php?rest_route=\/wp\/v2\/types\/post"}],"author":[{"embeddable":true,"href":"http:\/\/xn--cdu-zhringen-kcb.de\/index.php?rest_route=\/wp\/v2\/users\/1"}],"replies":[{"embeddable":true,"href":"http:\/\/xn--cdu-zhringen-kcb.de\/index.php?rest_route=%2Fwp%2Fv2%2Fcomments&post=1165"}],"version-history":[{"count":8,"href":"http:\/\/xn--cdu-zhringen-kcb.de\/index.php?rest_route=\/wp\/v2\/posts\/1165\/revisions"}],"predecessor-version":[{"id":1178,"href":"http:\/\/xn--cdu-zhringen-kcb.de\/index.php?rest_route=\/wp\/v2\/posts\/1165\/revisions\/1178"}],"wp:featuredmedia":[{"embeddable":true,"href":"http:\/\/xn--cdu-zhringen-kcb.de\/index.php?rest_route=\/wp\/v2\/media\/1168"}],"wp:attachment":[{"href":"http:\/\/xn--cdu-zhringen-kcb.de\/index.php?rest_route=%2Fwp%2Fv2%2Fmedia&parent=1165"}],"wp:term":[{"taxonomy":"category","embeddable":true,"href":"http:\/\/xn--cdu-zhringen-kcb.de\/index.php?rest_route=%2Fwp%2Fv2%2Fcategories&post=1165"},{"taxonomy":"post_tag","embeddable":true,"href":"http:\/\/xn--cdu-zhringen-kcb.de\/index.php?rest_route=%2Fwp%2Fv2%2Ftags&post=1165"}],"curies":[{"name":"wp","href":"https:\/\/api.w.org\/{rel}","templated":true}]}}