{"id":1041,"date":"2023-08-11T15:59:16","date_gmt":"2023-08-11T15:59:16","guid":{"rendered":"http:\/\/xn--cdu-zhringen-kcb.de\/?p=1041"},"modified":"2023-09-08T11:59:39","modified_gmt":"2023-09-08T11:59:39","slug":"stadtratsbeschluss-zum-rs-6-stoesst-auf-massive-kritik-cdu-zaehringen-bedauert-zusaetzliche-verkehrsbelastungen-fuer-die-bevoelkerung","status":"publish","type":"post","link":"http:\/\/xn--cdu-zhringen-kcb.de\/?p=1041","title":{"rendered":"Stadtratsbeschluss zum RS 6 st\u00f6\u00dft auf massive Kritik -CDU Z\u00e4hringen bedauert zus\u00e4tzliche Verkehrsbelastungen f\u00fcr die Bev\u00f6lkerung-"},"content":{"rendered":"\t\t<div data-elementor-type=\"wp-post\" data-elementor-id=\"1041\" class=\"elementor elementor-1041\" data-elementor-settings=\"[]\">\n\t\t\t<div class=\"elementor-inner\">\n\t\t\t\t<div class=\"elementor-section-wrap\">\n\t\t\t\t\t\t\t<section class=\"elementor-element elementor-element-3b5d9fa elementor-section-boxed elementor-section-height-default elementor-section-height-default elementor-section elementor-top-section\" data-id=\"3b5d9fa\" data-element_type=\"section\">\n\t\t\t\t\t\t<div class=\"elementor-container elementor-column-gap-default\">\n\t\t\t\t<div class=\"elementor-row\">\n\t\t\t\t<div class=\"elementor-element elementor-element-cbd295e elementor-column elementor-col-100 elementor-top-column\" data-id=\"cbd295e\" data-element_type=\"column\">\n\t\t\t<div class=\"elementor-column-wrap  elementor-element-populated\">\n\t\t\t\t\t<div class=\"elementor-widget-wrap\">\n\t\t\t\t<div class=\"elementor-element elementor-element-2d2d2bb elementor-widget elementor-widget-text-editor\" data-id=\"2d2d2bb\" data-element_type=\"widget\" data-widget_type=\"text-editor.default\">\n\t\t\t\t<div class=\"elementor-widget-container\">\n\t\t\t\t\t<div class=\"elementor-text-editor elementor-clearfix\"><p>Erneut hat sich die CDU-Z\u00e4hringen mit der beabsichtigten Trassenf\u00fchrung des RS 6 durch Z\u00e4hringen befasst.<\/p><p>Dabei wurde der Vorwurf erneuert, dass ein Radschnellweg durch die Wildtalstra\u00dfe und den Burgdorfer Weg eine Trennung des Stadtteils bewirkt und zu erheblichen zus\u00e4tzlichen Belastungen der Verkehrsteilnehmer f\u00fchrt.<\/p><p>\u201eEs rumort in der Bev\u00f6lkerung wegen der zu erwartenden Belastungen, in den Haupt- und Nebenstra\u00dfen der vorgesehenen Trasse\u201c, so der CDU Vorsitzende Antonio Fusco!<\/p><p>Zum Bedauern der CDU Z\u00e4hringen hat sich auch die Freiburger CDU Stadtratsfraktion bereits mehrfach \u00f6ffentlich dem Vorschlag der Verwaltung zur Trassenf\u00fchrung des RS 6 durch Z\u00e4hringen und Herdern angeschlossen.<\/p><p>Kritisch bewertet wurde auch die in einer j\u00fcngst erschienenen Publikation der CDU Fraktion, dass zwar die Bedenken der Bev\u00f6lkerung entlang der geplanten Trassenf\u00fchrung ernst genommen werden, sich diese nach der Realisierung wohl relativieren bzw. erledigen werden.<\/p><p>Die CDU Z\u00e4hringen teilt diese Einsch\u00e4tzung nicht. Diese Entwicklung f\u00fchrt erkennbar zu einer weiteren Spaltung des Stadtteils und der Wohngebiete \u00f6stlich und westlich der Rheintalbahn!<\/p><p>Der CDU-Ortsverband nimmt zunehmend eine deutlich kritischere Ablehnung zu dieser Trassenf\u00fchrung durch Z\u00e4hringenaus der Bev\u00f6lkerung wahr, die sich in zahlreichen R\u00fcckmeldungen an den Ortsverband widerspiegelt.<\/p><p>&#8222;Wir halten an unserer bisherigen ablehnenden Entscheidung zur Trassenf\u00fchrung durch Z\u00e4hringen fest, weil Sachargumente dagegen sprechen\u201c, so Antonio Fusco und kritisiert heftig die Haltung der Stadtratsfraktion bei dieser f\u00fcr den Stadtteil so bedeutenden Infrastrukturma\u00dfnahme.<\/p><p>\u201eDie Alternative haben wir der Stadt und der Stadtratsfraktion deutlich gemacht. Es lautet, eine Umsetzung des X-Radschnellwegs, also eine Anbindung des geplanten Radschnellwegs RS6 an die Freiburger Radvorrangroute FR2! Damit w\u00fcrden den Rad fahrenden Bev\u00f6lkerung zeitnah zwei Radrouten vom Freiburger Norden zur Auswahl stehen. Der vermeintliche Ausbau des schon bestehenden Radwegs mit Umwidmung von Stra\u00dfen wird unserer Fahrradstadt nicht gerecht\u201c so Antonio Fusco.<\/p><p><strong> Ansprechpartner:<\/strong> Antonio Fusco, Tel.: 0049-1721041803<\/p><\/div>\n\t\t\t\t<\/div>\n\t\t\t\t<\/div>\n\t\t\t\t\t\t<\/div>\n\t\t\t<\/div>\n\t\t<\/div>\n\t\t\t\t\t\t<\/div>\n\t\t\t<\/div>\n\t\t<\/section>\n\t\t\t\t\t\t<\/div>\n\t\t\t<\/div>\n\t\t<\/div>\n\t\t","protected":false},"excerpt":{"rendered":"<p>Erneut hat sich die CDU-Z\u00e4hringen mit der beabsichtigten Trassenf\u00fchrung des RS 6 durch Z\u00e4hringen befasst. Dabei wurde der Vorwurf erneuert, dass ein Radschnellweg durch die Wildtalstra\u00dfe und den Burgdorfer Weg eine Trennung des Stadtteils bewirkt und zu erheblichen zus\u00e4tzlichen Belastungen der Verkehrsteilnehmer f\u00fchrt. \u201eEs rumort in der Bev\u00f6lkerung wegen der zu erwartenden Belastungen, in den &hellip; <a href=\"http:\/\/xn--cdu-zhringen-kcb.de\/?p=1041\" class=\"more-link\">Continue reading<span class=\"screen-reader-text\"> &#8222;Stadtratsbeschluss zum RS 6 st\u00f6\u00dft auf massive Kritik -CDU Z\u00e4hringen bedauert zus\u00e4tzliche Verkehrsbelastungen f\u00fcr die Bev\u00f6lkerung-&#8222;<\/span><\/a><\/p>\n","protected":false},"author":1,"featured_media":985,"comment_status":"closed","ping_status":"closed","sticky":false,"template":"","format":"standard","meta":{"_et_pb_use_builder":"on","_et_pb_old_content":"<p><strong>Erneut hat sich die CDU-Z\u00e4hringen mit der beabsichtigten Trassenf\u00fchrung des RS 6 durch Z\u00e4hringen befasst. Dabei wurde der Vorwurf erneuert, da\u00df ein Radschnellweg durch die Wildtalstra\u00dfe und den Burgdorfer Weg eine Trennung des Stadtteils bewirkt und zu erheblichen zus\u00e4tzlichen Belastungen der Verkehrsteilnehmer f\u00fchrt. \u201eEs rumort in der Bev\u00f6lkerung wegen dieser zu erwartenden Belastungen in den Haupt- und Nebenstra\u00dfen der vorgesehenen Trasse\u201c, so der CDU Vorsitzende Antonio Fusco.<\/strong><\/p><p>\u00a0<\/p><p>\u00a0<\/p><p>Zum Bedauern der CDU Z\u00e4hringen hat sich auch die CDU Stadtratsfraktion bereits mehrfach \u00f6ffentlich dem Vorschlag der Verwaltung zur Trassenf\u00fchrung des RS 6 durch Z\u00e4hringen und Herdern angeschlossen.<\/p><p>\u00a0<\/p><p>Kritisch bewertet wurde auch die in einer j\u00fcngst erschienenen Publikation der CDU Fraktion, dass zwar die Bedenken der Bev\u00f6lkerung entlang der geplanten Trassenf\u00fchrung ernst genommen werden, sich diese nach der Realisierung wohl relativieren bzw. erledigen werden. Die CDU Z\u00e4hringen teilt diese Einsch\u00e4tzung wegen der immer lauter werdenden Bedenken in der Bev\u00f6lkerung nicht.<\/p><p>\u00a0<\/p><p>Diese Entwicklung f\u00fchrt erkennbar zu einer weiteren Spaltung des Stadtteils und der Wohngebiete \u00f6stlich und westlich der Rheintalbahn. Der CDU-Ortsverband nimmt zunehmend eine deutlich kritischere Ablehnung zu dieser Trassenf\u00fchrung durch Z\u00e4hringen aus der Bev\u00f6lkerung wahr, die sich in zahlreichen R\u00fcckmeldungen an den Ortsverband widerspiegelt. Der CDU Stadtratsfraktion w\u00e4re zu empfehlen, ein besseres Ohr f\u00fcr die Sorgen und Meinungen der Bev\u00f6lkerung zu haben.<\/p><p>\u00a0<\/p><p>\"Wir halten daher an unserer bisherigen ablehnenden Entscheidung zur Trassenf\u00fchrung durch Z\u00e4hringen fest\", so Antonio Fusco und kritisiert heftig die Haltung der Stadtratsfraktion bei dieser f\u00fcr den Stadtteil so bedeutenden Infrastrukturma\u00dfnahme. Er bedauert, da\u00df fiskalische Aspekte bei der Planung eines Radschnellweges durch die Wohngebiete von Herdern und Z\u00e4hringen gegen\u00fcber besseren Planungsvarianten bevorzugt wurden. Leider wurden selbstherrliche Verwaltungsvorlagen des OB auch gegen den Widerstand in der Bev\u00f6lkerung auch von der CDU Fraktion unterst\u00fctzt.<\/p><p>\u00a0<\/p><p>Ansprechpartner. Antonio Fusco, Telf.: 00491721041803<\/p>","_et_gb_content_width":"","_monsterinsights_skip_tracking":false,"_monsterinsights_sitenote_active":false,"_monsterinsights_sitenote_note":"","_monsterinsights_sitenote_category":0,"footnotes":""},"categories":[1],"tags":[],"class_list":["post-1041","post","type-post","status-publish","format-standard","has-post-thumbnail","hentry","category-aktuelles"],"_links":{"self":[{"href":"http:\/\/xn--cdu-zhringen-kcb.de\/index.php?rest_route=\/wp\/v2\/posts\/1041","targetHints":{"allow":["GET"]}}],"collection":[{"href":"http:\/\/xn--cdu-zhringen-kcb.de\/index.php?rest_route=\/wp\/v2\/posts"}],"about":[{"href":"http:\/\/xn--cdu-zhringen-kcb.de\/index.php?rest_route=\/wp\/v2\/types\/post"}],"author":[{"embeddable":true,"href":"http:\/\/xn--cdu-zhringen-kcb.de\/index.php?rest_route=\/wp\/v2\/users\/1"}],"replies":[{"embeddable":true,"href":"http:\/\/xn--cdu-zhringen-kcb.de\/index.php?rest_route=%2Fwp%2Fv2%2Fcomments&post=1041"}],"version-history":[{"count":5,"href":"http:\/\/xn--cdu-zhringen-kcb.de\/index.php?rest_route=\/wp\/v2\/posts\/1041\/revisions"}],"predecessor-version":[{"id":1047,"href":"http:\/\/xn--cdu-zhringen-kcb.de\/index.php?rest_route=\/wp\/v2\/posts\/1041\/revisions\/1047"}],"wp:featuredmedia":[{"embeddable":true,"href":"http:\/\/xn--cdu-zhringen-kcb.de\/index.php?rest_route=\/wp\/v2\/media\/985"}],"wp:attachment":[{"href":"http:\/\/xn--cdu-zhringen-kcb.de\/index.php?rest_route=%2Fwp%2Fv2%2Fmedia&parent=1041"}],"wp:term":[{"taxonomy":"category","embeddable":true,"href":"http:\/\/xn--cdu-zhringen-kcb.de\/index.php?rest_route=%2Fwp%2Fv2%2Fcategories&post=1041"},{"taxonomy":"post_tag","embeddable":true,"href":"http:\/\/xn--cdu-zhringen-kcb.de\/index.php?rest_route=%2Fwp%2Fv2%2Ftags&post=1041"}],"curies":[{"name":"wp","href":"https:\/\/api.w.org\/{rel}","templated":true}]}}